{"id":193,"date":"2013-11-18T23:38:59","date_gmt":"2013-11-18T22:38:59","guid":{"rendered":"http:\/\/tristanmeister.wordpress.com\/?p=193"},"modified":"2013-11-18T23:38:59","modified_gmt":"2013-11-18T22:38:59","slug":"sieger-beim-hessischen-chorwettbewerb","status":"publish","type":"post","link":"https:\/\/www.tristan-meister.de\/index.php\/2013\/11\/18\/sieger-beim-hessischen-chorwettbewerb\/","title":{"rendered":"Sieger beim Hessischen Chorwettbewerb"},"content":{"rendered":"<p><a href=\"http:\/\/tristan-meister.de\/wp-content\/uploads\/2013\/11\/1425750_646694955401280_1394325806_n.jpg\"><img loading=\"lazy\" decoding=\"async\" class=\"alignnone size-large wp-image-194\" title=\"Ensemble Vocapella - Schlitz\" alt=\"Hessischer Chorwettbewerb Schlitz\" src=\"http:\/\/tristan-meister.de\/wp-content\/uploads\/2013\/11\/1425750_646694955401280_1394325806_n.jpg?w=652\" width=\"652\" height=\"489\" srcset=\"https:\/\/www.tristan-meister.de\/wp-content\/uploads\/2013\/11\/1425750_646694955401280_1394325806_n.jpg 960w, https:\/\/www.tristan-meister.de\/wp-content\/uploads\/2013\/11\/1425750_646694955401280_1394325806_n-300x225.jpg 300w, https:\/\/www.tristan-meister.de\/wp-content\/uploads\/2013\/11\/1425750_646694955401280_1394325806_n-768x576.jpg 768w\" sizes=\"auto, (max-width: 652px) 100vw, 652px\" \/><\/a><\/p>\n<p>Das Ensemble Vocapella Limburg hat mit 23,8 Punkten und dem besten Pr\u00e4dikat \u201cmit hervorragendem Erfolg teilgenommen\u201d den Hessischen Chorwettbewerb in der Landesmusikakademie in Schlitz gewonnen. Das war die h\u00f6chste vergebene Gesamtpunktzahl des Wettbewerbes. Damit ist der Chor auch direkt f\u00fcr den 9. Deutschen Chorwettbewerb qualifiziert, der Ende Mai n\u00e4chsten Jahres in Weimar stattfinden wird.<\/p>\n","protected":false},"excerpt":{"rendered":"<p>Das Ensemble Vocapella Limburg hat mit 23,8 Punkten und dem besten Pr\u00e4dikat \u201cmit hervorragendem Erfolg teilgenommen\u201d den Hessischen Chorwettbewerb in der Landesmusikakademie in Schlitz gewonnen. Das war die h\u00f6chste vergebene<\/p>\n<p class=\"more-link\"><a href=\"https:\/\/www.tristan-meister.de\/index.php\/2013\/11\/18\/sieger-beim-hessischen-chorwettbewerb\/\" class=\"readmore\">Weiterlesen&#8230;<span class=\"screen-reader-text\">Sieger beim Hessischen Chorwettbewerb<\/span><\/a><\/p>\n","protected":false},"author":1,"featured_media":0,"comment_status":"open","ping_status":"open","sticky":false,"template":"","format":"standard","meta":{"ngg_post_thumbnail":0,"footnotes":""},"categories":[1],"tags":[],"class_list":["post-193","post","type-post","status-publish","format-standard","hentry","category-uncategorized"],"_links":{"self":[{"href":"https:\/\/www.tristan-meister.de\/index.php\/wp-json\/wp\/v2\/posts\/193","targetHints":{"allow":["GET"]}}],"collection":[{"href":"https:\/\/www.tristan-meister.de\/index.php\/wp-json\/wp\/v2\/posts"}],"about":[{"href":"https:\/\/www.tristan-meister.de\/index.php\/wp-json\/wp\/v2\/types\/post"}],"author":[{"embeddable":true,"href":"https:\/\/www.tristan-meister.de\/index.php\/wp-json\/wp\/v2\/users\/1"}],"replies":[{"embeddable":true,"href":"https:\/\/www.tristan-meister.de\/index.php\/wp-json\/wp\/v2\/comments?post=193"}],"version-history":[{"count":0,"href":"https:\/\/www.tristan-meister.de\/index.php\/wp-json\/wp\/v2\/posts\/193\/revisions"}],"wp:attachment":[{"href":"https:\/\/www.tristan-meister.de\/index.php\/wp-json\/wp\/v2\/media?parent=193"}],"wp:term":[{"taxonomy":"category","embeddable":true,"href":"https:\/\/www.tristan-meister.de\/index.php\/wp-json\/wp\/v2\/categories?post=193"},{"taxonomy":"post_tag","embeddable":true,"href":"https:\/\/www.tristan-meister.de\/index.php\/wp-json\/wp\/v2\/tags?post=193"}],"curies":[{"name":"wp","href":"https:\/\/api.w.org\/{rel}","templated":true}]}}