{"id":240,"date":"2014-06-10T10:35:53","date_gmt":"2014-06-10T09:35:53","guid":{"rendered":"http:\/\/tristanmeister.wordpress.com\/?p=240"},"modified":"2014-06-10T10:35:53","modified_gmt":"2014-06-10T09:35:53","slug":"sieger-beim-deutschen-chorwettbewerb-2014-in-weimar","status":"publish","type":"post","link":"https:\/\/www.tristan-meister.de\/index.php\/2014\/06\/10\/sieger-beim-deutschen-chorwettbewerb-2014-in-weimar\/","title":{"rendered":"Sieger beim Deutschen Chorwettbewerb 2014 in Weimar"},"content":{"rendered":"<p><a href=\"http:\/\/tristan-meister.de\/wp-content\/uploads\/2014\/06\/weimar-urkunde.jpg\"><img loading=\"lazy\" decoding=\"async\" class=\"alignnone size-large wp-image-241\" src=\"http:\/\/tristan-meister.de\/wp-content\/uploads\/2014\/06\/weimar-urkunde.jpg?w=652\" alt=\"Weimar Urkunde\" width=\"652\" height=\"434\" srcset=\"https:\/\/www.tristan-meister.de\/wp-content\/uploads\/2014\/06\/weimar-urkunde.jpg 1920w, https:\/\/www.tristan-meister.de\/wp-content\/uploads\/2014\/06\/weimar-urkunde-300x200.jpg 300w, https:\/\/www.tristan-meister.de\/wp-content\/uploads\/2014\/06\/weimar-urkunde-768x512.jpg 768w, https:\/\/www.tristan-meister.de\/wp-content\/uploads\/2014\/06\/weimar-urkunde-1024x683.jpg 1024w\" sizes=\"auto, (max-width: 652px) 100vw, 652px\" \/><\/a><\/p>\n<p>Das Ensemble Vocapella Limburg konnte in der Kategorie C1 mit 23,6 Punkten einen ersten Preis ersingen. Au\u00dferdem gewannen wir einen Sonderpreis f\u00fcr die beste Interpretation eines zeitgen\u00f6ssischen Chorwerks (Bernd Englbrecht &#8211; Der Feuerreiter) und einen Sonderpreis in Form einer CD-Produktion mit dem Label Rondeau.<\/p>\n","protected":false},"excerpt":{"rendered":"<p>Das Ensemble Vocapella Limburg konnte in der Kategorie C1 mit 23,6 Punkten einen ersten Preis ersingen. Au\u00dferdem gewannen wir einen Sonderpreis f\u00fcr die beste Interpretation eines zeitgen\u00f6ssischen Chorwerks (Bernd Englbrecht<\/p>\n<p class=\"more-link\"><a href=\"https:\/\/www.tristan-meister.de\/index.php\/2014\/06\/10\/sieger-beim-deutschen-chorwettbewerb-2014-in-weimar\/\" class=\"readmore\">Weiterlesen&#8230;<span class=\"screen-reader-text\">Sieger beim Deutschen Chorwettbewerb 2014 in Weimar<\/span><\/a><\/p>\n","protected":false},"author":1,"featured_media":0,"comment_status":"open","ping_status":"open","sticky":false,"template":"","format":"standard","meta":{"ngg_post_thumbnail":0,"footnotes":""},"categories":[1],"tags":[],"class_list":["post-240","post","type-post","status-publish","format-standard","hentry","category-uncategorized"],"_links":{"self":[{"href":"https:\/\/www.tristan-meister.de\/index.php\/wp-json\/wp\/v2\/posts\/240","targetHints":{"allow":["GET"]}}],"collection":[{"href":"https:\/\/www.tristan-meister.de\/index.php\/wp-json\/wp\/v2\/posts"}],"about":[{"href":"https:\/\/www.tristan-meister.de\/index.php\/wp-json\/wp\/v2\/types\/post"}],"author":[{"embeddable":true,"href":"https:\/\/www.tristan-meister.de\/index.php\/wp-json\/wp\/v2\/users\/1"}],"replies":[{"embeddable":true,"href":"https:\/\/www.tristan-meister.de\/index.php\/wp-json\/wp\/v2\/comments?post=240"}],"version-history":[{"count":0,"href":"https:\/\/www.tristan-meister.de\/index.php\/wp-json\/wp\/v2\/posts\/240\/revisions"}],"wp:attachment":[{"href":"https:\/\/www.tristan-meister.de\/index.php\/wp-json\/wp\/v2\/media?parent=240"}],"wp:term":[{"taxonomy":"category","embeddable":true,"href":"https:\/\/www.tristan-meister.de\/index.php\/wp-json\/wp\/v2\/categories?post=240"},{"taxonomy":"post_tag","embeddable":true,"href":"https:\/\/www.tristan-meister.de\/index.php\/wp-json\/wp\/v2\/tags?post=240"}],"curies":[{"name":"wp","href":"https:\/\/api.w.org\/{rel}","templated":true}]}}