{"id":372,"date":"2015-12-28T10:55:55","date_gmt":"2015-12-28T09:55:55","guid":{"rendered":"https:\/\/tristanmeister.wordpress.com\/?p=372"},"modified":"2015-12-28T10:55:55","modified_gmt":"2015-12-28T09:55:55","slug":"vom-werden-und-vergehen-die-neue-cd-des-ensemble-vocapella-limburg","status":"publish","type":"post","link":"https:\/\/www.tristan-meister.de\/index.php\/2015\/12\/28\/vom-werden-und-vergehen-die-neue-cd-des-ensemble-vocapella-limburg\/","title":{"rendered":"&#8220;Vom Werden und Vergehen&#8221; &#8211; Die neue CD des Ensemble Vocapella Limburg"},"content":{"rendered":"<p><a href=\"http:\/\/tristan-meister.de\/wp-content\/uploads\/2015\/12\/vom-werden-und-vergehen.jpg\" rel=\"attachment wp-att-373\"><img loading=\"lazy\" decoding=\"async\" class=\"alignnone  wp-image-373\" src=\"http:\/\/tristan-meister.de\/wp-content\/uploads\/2015\/12\/vom-werden-und-vergehen.jpg?w=652\" alt=\"Vom-Werden-und-Vergehen\" width=\"476\" height=\"471\" srcset=\"https:\/\/www.tristan-meister.de\/wp-content\/uploads\/2015\/12\/vom-werden-und-vergehen.jpg 675w, https:\/\/www.tristan-meister.de\/wp-content\/uploads\/2015\/12\/vom-werden-und-vergehen-300x297.jpg 300w, https:\/\/www.tristan-meister.de\/wp-content\/uploads\/2015\/12\/vom-werden-und-vergehen-100x100.jpg 100w\" sizes=\"auto, (max-width: 476px) 100vw, 476px\" \/><\/a><\/p>\n<p>Das Ensemble Vocapella Limburg hat in diesem Jahr seine zweite CD mit dem Titel \u201eVom Werden und Vergehen\u201c aufgenommen.<br \/>\nZu h\u00f6ren sind neben den Drei M\u00e4nnerch\u00f6ren TrV 270 von Richard Strauss und dem \u201eGesang der Geister \u00fcber den Wassern\u201c von Franz Schubert insgesamt sieben Weltersteinspielungen von Vytautas Mi\u0161kinis, Maarten Van Ingelgem, Alwin Michael Schronen, Bernd Englbrecht, Nikodemus Gollnau und Mari Esabel Valverde. Einige dieser St\u00fccke wurden eigens f\u00fcr das Ensemble Vocapella Limburg komponiert.<\/p>\n<p>Die CD entstand in Kooperation mit Rondeau Production und ist ab sofort exklusiv unter http:\/\/ensemble-vocapella.de\/musik\/cd\/ bestellbar bis sie Anfang M\u00e4rz im Online- und Einzelhandel erscheint.<\/p>\n<p>Ich w\u00fcrde mich freuen, wenn sie die Musik auf der CD begeistern kann und w\u00fcnsche einen guten Start ins Jahr 2016!<\/p>\n","protected":false},"excerpt":{"rendered":"<p>Das Ensemble Vocapella Limburg hat in diesem Jahr seine zweite CD mit dem Titel \u201eVom Werden und Vergehen\u201c aufgenommen. Zu h\u00f6ren sind neben den Drei M\u00e4nnerch\u00f6ren TrV 270 von Richard<\/p>\n<p class=\"more-link\"><a href=\"https:\/\/www.tristan-meister.de\/index.php\/2015\/12\/28\/vom-werden-und-vergehen-die-neue-cd-des-ensemble-vocapella-limburg\/\" class=\"readmore\">Weiterlesen&#8230;<span class=\"screen-reader-text\">&#8220;Vom Werden und Vergehen&#8221; &#8211; Die neue CD des Ensemble Vocapella Limburg<\/span><\/a><\/p>\n","protected":false},"author":1,"featured_media":0,"comment_status":"open","ping_status":"open","sticky":false,"template":"","format":"standard","meta":{"ngg_post_thumbnail":0,"footnotes":""},"categories":[1],"tags":[],"class_list":["post-372","post","type-post","status-publish","format-standard","hentry","category-uncategorized"],"_links":{"self":[{"href":"https:\/\/www.tristan-meister.de\/index.php\/wp-json\/wp\/v2\/posts\/372","targetHints":{"allow":["GET"]}}],"collection":[{"href":"https:\/\/www.tristan-meister.de\/index.php\/wp-json\/wp\/v2\/posts"}],"about":[{"href":"https:\/\/www.tristan-meister.de\/index.php\/wp-json\/wp\/v2\/types\/post"}],"author":[{"embeddable":true,"href":"https:\/\/www.tristan-meister.de\/index.php\/wp-json\/wp\/v2\/users\/1"}],"replies":[{"embeddable":true,"href":"https:\/\/www.tristan-meister.de\/index.php\/wp-json\/wp\/v2\/comments?post=372"}],"version-history":[{"count":0,"href":"https:\/\/www.tristan-meister.de\/index.php\/wp-json\/wp\/v2\/posts\/372\/revisions"}],"wp:attachment":[{"href":"https:\/\/www.tristan-meister.de\/index.php\/wp-json\/wp\/v2\/media?parent=372"}],"wp:term":[{"taxonomy":"category","embeddable":true,"href":"https:\/\/www.tristan-meister.de\/index.php\/wp-json\/wp\/v2\/categories?post=372"},{"taxonomy":"post_tag","embeddable":true,"href":"https:\/\/www.tristan-meister.de\/index.php\/wp-json\/wp\/v2\/tags?post=372"}],"curies":[{"name":"wp","href":"https:\/\/api.w.org\/{rel}","templated":true}]}}